{"id":11168,"date":"2019-10-25T13:20:53","date_gmt":"2019-10-25T18:20:53","guid":{"rendered":"https:\/\/thinktv.ca\/?p=11168"},"modified":"2025-08-28T10:51:26","modified_gmt":"2025-08-28T14:51:26","slug":"calendrier-normalise","status":"publish","type":"post","link":"https:\/\/thinktv.ca\/fr\/post\/calendrier-normalise\/","title":{"rendered":"calendrier normalis\u00e9"},"content":{"rendered":"<p><img loading=\"lazy\" decoding=\"async\" class=\"alignnone wp-image-56124 size-full\" src=\"https:\/\/thinktv.ca\/wp-content\/uploads\/2019\/10\/Broadcast-Calendar-2025-27-FR.png\" alt=\"\" width=\"1053\" height=\"815\" srcset=\"https:\/\/thinktv.ca\/wp-content\/uploads\/2019\/10\/Broadcast-Calendar-2025-27-FR.png 1053w, https:\/\/thinktv.ca\/wp-content\/uploads\/2019\/10\/Broadcast-Calendar-2025-27-FR-300x232.png 300w, https:\/\/thinktv.ca\/wp-content\/uploads\/2019\/10\/Broadcast-Calendar-2025-27-FR-1024x793.png 1024w, https:\/\/thinktv.ca\/wp-content\/uploads\/2019\/10\/Broadcast-Calendar-2025-27-FR-768x594.png 768w, https:\/\/thinktv.ca\/wp-content\/uploads\/2019\/10\/Broadcast-Calendar-2025-27-FR-600x464.png 600w, https:\/\/thinktv.ca\/wp-content\/uploads\/2019\/10\/Broadcast-Calendar-2025-27-FR-992x768.png 992w, https:\/\/thinktv.ca\/wp-content\/uploads\/2019\/10\/Broadcast-Calendar-2025-27-FR-525x406.png 525w\" sizes=\"auto, (max-width: 1053px) 100vw, 1053px\" \/><\/p>\n<p><span lang=\"fr\"><a class=\"button\" href=\"https:\/\/thinktv.ca\/wp-content\/uploads\/2025\/05\/Thinktv_Broadcast_Calendar_25_26_27_FR.pdf\" target=\"_blank\" rel=\"noopener\">\u00e0 t\u00e9l\u00e9charger avant 2026 \/ 2027<\/a>\u00a0 <a class=\"button\" href=\"https:\/\/thinktv.ca\/wp-content\/uploads\/2025\/05\/Thinktv_Broadcast_Calendar_26_27_28_FR.pdf\" target=\"_blank\" rel=\"noopener\">\u00e0 t\u00e9l\u00e9charger avant 2027 \/ 2028<\/a><\/span><\/p>\n<p><a class=\"button\" href=\"https:\/\/thinktv.ca\/wp-content\/uploads\/2025\/05\/Thinktv_Broadcast_Calendar_25_26_27_ENG.pdf\" target=\"_blank\" rel=\"noopener\">download by 2026 \/ 2027<\/a>\u00a0 <a class=\"button\" href=\"https:\/\/thinktv.ca\/wp-content\/uploads\/2025\/05\/Thinktv_Broadcast_Calendar_26_27_28_ENG.pdf\" target=\"_blank\" rel=\"noopener\">download by 2027 \/ 2028<\/a><\/p>\n<p><strong>Vous cherchez des \u00e9tudes sur la publicit\u00e9 t\u00e9l\u00e9vis\u00e9e\u2009?<\/strong> Nous avons ce qu\u2019il vous faut ! Consultez notre section \u00ab <a href=\"https:\/\/thinktv.ca\/fr\/research\/\">Recherche<\/a>\u00a0\u00bb pour d\u00e9couvrir le pouvoir de la t\u00e9l\u00e9vision, la formule gagnante de la t\u00e9l\u00e9, les r\u00e9ponses aux questions fr\u00e9quemment pos\u00e9es et bien plus encore.<\/p>\n","protected":false},"excerpt":{"rendered":"<p>Calendrier normalis\u00e9 pour 2025-27 et 2026-28.<\/p>\n","protected":false},"author":12,"featured_media":56128,"comment_status":"open","ping_status":"open","sticky":false,"template":"","format":"standard","meta":{"_acf_changed":false,"content-type":"","_relevanssi_hide_post":"","_relevanssi_hide_content":"","_relevanssi_pin_for_all":"","_relevanssi_pin_keywords":"","_relevanssi_unpin_keywords":"","_relevanssi_related_keywords":"","_relevanssi_related_include_ids":"","_relevanssi_related_exclude_ids":"","_relevanssi_related_no_append":"","_relevanssi_related_not_related":"","_relevanssi_related_posts":"","_relevanssi_noindex_reason":"","footnotes":""},"categories":[189],"tags":[],"class_list":["post-11168","post","type-post","status-publish","format-standard","has-post-thumbnail","hentry","category-calendrier"],"acf":[],"yoast_head":"<!-- This site is optimized with the Yoast SEO plugin v27.5 - https:\/\/yoast.com\/product\/yoast-seo-wordpress\/ -->\n<title>calendrier normalis\u00e9 - thinkTV<\/title>\n<meta name=\"description\" content=\"Calendrier normalis\u00e9 pour 2025-27 et 2026-28.\" \/>\n<meta name=\"robots\" content=\"index, follow, max-snippet:-1, max-image-preview:large, max-video-preview:-1\" \/>\n<link rel=\"canonical\" href=\"https:\/\/thinktv.ca\/fr\/post\/calendrier-normalise\/\" \/>\n<meta property=\"og:locale\" content=\"fr_FR\" \/>\n<meta property=\"og:type\" content=\"article\" \/>\n<meta property=\"og:title\" content=\"calendrier normalis\u00e9 - thinkTV\" \/>\n<meta property=\"og:description\" content=\"Calendrier normalis\u00e9 pour 2025-27 et 2026-28.\" \/>\n<meta property=\"og:url\" content=\"https:\/\/thinktv.ca\/fr\/post\/calendrier-normalise\/\" \/>\n<meta property=\"og:site_name\" content=\"thinkTV\" \/>\n<meta property=\"article:published_time\" content=\"2019-10-25T18:20:53+00:00\" \/>\n<meta property=\"article:modified_time\" content=\"2025-08-28T14:51:26+00:00\" \/>\n<meta property=\"og:image\" content=\"https:\/\/thinktv.ca\/wp-content\/uploads\/2019\/10\/Broadcast-Calendar-2025-27-FR-750x500-1.png\" \/>\n\t<meta property=\"og:image:width\" content=\"750\" \/>\n\t<meta property=\"og:image:height\" content=\"500\" \/>\n\t<meta property=\"og:image:type\" content=\"image\/png\" \/>\n<meta name=\"author\" content=\"Debbie Zhu\" \/>\n<meta name=\"twitter:card\" content=\"summary_large_image\" \/>\n<meta name=\"twitter:label1\" content=\"\u00c9crit par\" \/>\n\t<meta name=\"twitter:data1\" content=\"Debbie Zhu\" \/>\n\t<meta name=\"twitter:label2\" content=\"Dur\u00e9e de lecture estim\u00e9e\" \/>\n\t<meta name=\"twitter:data2\" content=\"1 minute\" \/>\n<script type=\"application\/ld+json\" class=\"yoast-schema-graph\">{\"@context\":\"https:\\\/\\\/schema.org\",\"@graph\":[{\"@type\":\"Article\",\"@id\":\"https:\\\/\\\/thinktv.ca\\\/fr\\\/post\\\/calendrier-normalise\\\/#article\",\"isPartOf\":{\"@id\":\"https:\\\/\\\/thinktv.ca\\\/fr\\\/post\\\/calendrier-normalise\\\/\"},\"author\":{\"name\":\"Debbie Zhu\",\"@id\":\"https:\\\/\\\/thinktv.ca\\\/fr\\\/#\\\/schema\\\/person\\\/5de138e511840a219d06326ddd208a6d\"},\"headline\":\"calendrier normalis\u00e9\",\"datePublished\":\"2019-10-25T18:20:53+00:00\",\"dateModified\":\"2025-08-28T14:51:26+00:00\",\"mainEntityOfPage\":{\"@id\":\"https:\\\/\\\/thinktv.ca\\\/fr\\\/post\\\/calendrier-normalise\\\/\"},\"wordCount\":66,\"commentCount\":0,\"image\":{\"@id\":\"https:\\\/\\\/thinktv.ca\\\/fr\\\/post\\\/calendrier-normalise\\\/#primaryimage\"},\"thumbnailUrl\":\"https:\\\/\\\/thinktv.ca\\\/wp-content\\\/uploads\\\/2019\\\/10\\\/Broadcast-Calendar-2025-27-FR-750x500-1.png\",\"articleSection\":[\"calendrier\"],\"inLanguage\":\"fr-FR\",\"potentialAction\":[{\"@type\":\"CommentAction\",\"name\":\"Comment\",\"target\":[\"https:\\\/\\\/thinktv.ca\\\/fr\\\/post\\\/calendrier-normalise\\\/#respond\"]}]},{\"@type\":\"WebPage\",\"@id\":\"https:\\\/\\\/thinktv.ca\\\/fr\\\/post\\\/calendrier-normalise\\\/\",\"url\":\"https:\\\/\\\/thinktv.ca\\\/fr\\\/post\\\/calendrier-normalise\\\/\",\"name\":\"calendrier normalis\u00e9 - thinkTV\",\"isPartOf\":{\"@id\":\"https:\\\/\\\/thinktv.ca\\\/fr\\\/#website\"},\"primaryImageOfPage\":{\"@id\":\"https:\\\/\\\/thinktv.ca\\\/fr\\\/post\\\/calendrier-normalise\\\/#primaryimage\"},\"image\":{\"@id\":\"https:\\\/\\\/thinktv.ca\\\/fr\\\/post\\\/calendrier-normalise\\\/#primaryimage\"},\"thumbnailUrl\":\"https:\\\/\\\/thinktv.ca\\\/wp-content\\\/uploads\\\/2019\\\/10\\\/Broadcast-Calendar-2025-27-FR-750x500-1.png\",\"datePublished\":\"2019-10-25T18:20:53+00:00\",\"dateModified\":\"2025-08-28T14:51:26+00:00\",\"author\":{\"@id\":\"https:\\\/\\\/thinktv.ca\\\/fr\\\/#\\\/schema\\\/person\\\/5de138e511840a219d06326ddd208a6d\"},\"description\":\"Calendrier normalis\u00e9 pour 2025-27 et 2026-28.\",\"breadcrumb\":{\"@id\":\"https:\\\/\\\/thinktv.ca\\\/fr\\\/post\\\/calendrier-normalise\\\/#breadcrumb\"},\"inLanguage\":\"fr-FR\",\"potentialAction\":[{\"@type\":\"ReadAction\",\"target\":[\"https:\\\/\\\/thinktv.ca\\\/fr\\\/post\\\/calendrier-normalise\\\/\"]}]},{\"@type\":\"ImageObject\",\"inLanguage\":\"fr-FR\",\"@id\":\"https:\\\/\\\/thinktv.ca\\\/fr\\\/post\\\/calendrier-normalise\\\/#primaryimage\",\"url\":\"https:\\\/\\\/thinktv.ca\\\/wp-content\\\/uploads\\\/2019\\\/10\\\/Broadcast-Calendar-2025-27-FR-750x500-1.png\",\"contentUrl\":\"https:\\\/\\\/thinktv.ca\\\/wp-content\\\/uploads\\\/2019\\\/10\\\/Broadcast-Calendar-2025-27-FR-750x500-1.png\",\"width\":750,\"height\":500},{\"@type\":\"BreadcrumbList\",\"@id\":\"https:\\\/\\\/thinktv.ca\\\/fr\\\/post\\\/calendrier-normalise\\\/#breadcrumb\",\"itemListElement\":[{\"@type\":\"ListItem\",\"position\":1,\"name\":\"Home\",\"item\":\"https:\\\/\\\/thinktv.ca\\\/fr\\\/\"},{\"@type\":\"ListItem\",\"position\":2,\"name\":\"calendrier normalis\u00e9\"}]},{\"@type\":\"WebSite\",\"@id\":\"https:\\\/\\\/thinktv.ca\\\/fr\\\/#website\",\"url\":\"https:\\\/\\\/thinktv.ca\\\/fr\\\/\",\"name\":\"thinkTV\",\"description\":\"thinkTV\",\"potentialAction\":[{\"@type\":\"SearchAction\",\"target\":{\"@type\":\"EntryPoint\",\"urlTemplate\":\"https:\\\/\\\/thinktv.ca\\\/fr\\\/?s={search_term_string}\"},\"query-input\":{\"@type\":\"PropertyValueSpecification\",\"valueRequired\":true,\"valueName\":\"search_term_string\"}}],\"inLanguage\":\"fr-FR\"},{\"@type\":\"Person\",\"@id\":\"https:\\\/\\\/thinktv.ca\\\/fr\\\/#\\\/schema\\\/person\\\/5de138e511840a219d06326ddd208a6d\",\"name\":\"Debbie Zhu\",\"image\":{\"@type\":\"ImageObject\",\"inLanguage\":\"fr-FR\",\"@id\":\"https:\\\/\\\/secure.gravatar.com\\\/avatar\\\/c5dc94078776271cb33ed0c1a52443614dbcaf366bcade97dde3e7c770830815?s=96&d=mm&r=g\",\"url\":\"https:\\\/\\\/secure.gravatar.com\\\/avatar\\\/c5dc94078776271cb33ed0c1a52443614dbcaf366bcade97dde3e7c770830815?s=96&d=mm&r=g\",\"contentUrl\":\"https:\\\/\\\/secure.gravatar.com\\\/avatar\\\/c5dc94078776271cb33ed0c1a52443614dbcaf366bcade97dde3e7c770830815?s=96&d=mm&r=g\",\"caption\":\"Debbie Zhu\"}}]}<\/script>\n<!-- \/ Yoast SEO plugin. -->","yoast_head_json":{"title":"calendrier normalis\u00e9 - thinkTV","description":"Calendrier normalis\u00e9 pour 2025-27 et 2026-28.","robots":{"index":"index","follow":"follow","max-snippet":"max-snippet:-1","max-image-preview":"max-image-preview:large","max-video-preview":"max-video-preview:-1"},"canonical":"https:\/\/thinktv.ca\/fr\/post\/calendrier-normalise\/","og_locale":"fr_FR","og_type":"article","og_title":"calendrier normalis\u00e9 - thinkTV","og_description":"Calendrier normalis\u00e9 pour 2025-27 et 2026-28.","og_url":"https:\/\/thinktv.ca\/fr\/post\/calendrier-normalise\/","og_site_name":"thinkTV","article_published_time":"2019-10-25T18:20:53+00:00","article_modified_time":"2025-08-28T14:51:26+00:00","og_image":[{"width":750,"height":500,"url":"https:\/\/thinktv.ca\/wp-content\/uploads\/2019\/10\/Broadcast-Calendar-2025-27-FR-750x500-1.png","type":"image\/png"}],"author":"Debbie Zhu","twitter_card":"summary_large_image","twitter_misc":{"\u00c9crit par":"Debbie Zhu","Dur\u00e9e de lecture estim\u00e9e":"1 minute"},"schema":{"@context":"https:\/\/schema.org","@graph":[{"@type":"Article","@id":"https:\/\/thinktv.ca\/fr\/post\/calendrier-normalise\/#article","isPartOf":{"@id":"https:\/\/thinktv.ca\/fr\/post\/calendrier-normalise\/"},"author":{"name":"Debbie Zhu","@id":"https:\/\/thinktv.ca\/fr\/#\/schema\/person\/5de138e511840a219d06326ddd208a6d"},"headline":"calendrier normalis\u00e9","datePublished":"2019-10-25T18:20:53+00:00","dateModified":"2025-08-28T14:51:26+00:00","mainEntityOfPage":{"@id":"https:\/\/thinktv.ca\/fr\/post\/calendrier-normalise\/"},"wordCount":66,"commentCount":0,"image":{"@id":"https:\/\/thinktv.ca\/fr\/post\/calendrier-normalise\/#primaryimage"},"thumbnailUrl":"https:\/\/thinktv.ca\/wp-content\/uploads\/2019\/10\/Broadcast-Calendar-2025-27-FR-750x500-1.png","articleSection":["calendrier"],"inLanguage":"fr-FR","potentialAction":[{"@type":"CommentAction","name":"Comment","target":["https:\/\/thinktv.ca\/fr\/post\/calendrier-normalise\/#respond"]}]},{"@type":"WebPage","@id":"https:\/\/thinktv.ca\/fr\/post\/calendrier-normalise\/","url":"https:\/\/thinktv.ca\/fr\/post\/calendrier-normalise\/","name":"calendrier normalis\u00e9 - thinkTV","isPartOf":{"@id":"https:\/\/thinktv.ca\/fr\/#website"},"primaryImageOfPage":{"@id":"https:\/\/thinktv.ca\/fr\/post\/calendrier-normalise\/#primaryimage"},"image":{"@id":"https:\/\/thinktv.ca\/fr\/post\/calendrier-normalise\/#primaryimage"},"thumbnailUrl":"https:\/\/thinktv.ca\/wp-content\/uploads\/2019\/10\/Broadcast-Calendar-2025-27-FR-750x500-1.png","datePublished":"2019-10-25T18:20:53+00:00","dateModified":"2025-08-28T14:51:26+00:00","author":{"@id":"https:\/\/thinktv.ca\/fr\/#\/schema\/person\/5de138e511840a219d06326ddd208a6d"},"description":"Calendrier normalis\u00e9 pour 2025-27 et 2026-28.","breadcrumb":{"@id":"https:\/\/thinktv.ca\/fr\/post\/calendrier-normalise\/#breadcrumb"},"inLanguage":"fr-FR","potentialAction":[{"@type":"ReadAction","target":["https:\/\/thinktv.ca\/fr\/post\/calendrier-normalise\/"]}]},{"@type":"ImageObject","inLanguage":"fr-FR","@id":"https:\/\/thinktv.ca\/fr\/post\/calendrier-normalise\/#primaryimage","url":"https:\/\/thinktv.ca\/wp-content\/uploads\/2019\/10\/Broadcast-Calendar-2025-27-FR-750x500-1.png","contentUrl":"https:\/\/thinktv.ca\/wp-content\/uploads\/2019\/10\/Broadcast-Calendar-2025-27-FR-750x500-1.png","width":750,"height":500},{"@type":"BreadcrumbList","@id":"https:\/\/thinktv.ca\/fr\/post\/calendrier-normalise\/#breadcrumb","itemListElement":[{"@type":"ListItem","position":1,"name":"Home","item":"https:\/\/thinktv.ca\/fr\/"},{"@type":"ListItem","position":2,"name":"calendrier normalis\u00e9"}]},{"@type":"WebSite","@id":"https:\/\/thinktv.ca\/fr\/#website","url":"https:\/\/thinktv.ca\/fr\/","name":"thinkTV","description":"thinkTV","potentialAction":[{"@type":"SearchAction","target":{"@type":"EntryPoint","urlTemplate":"https:\/\/thinktv.ca\/fr\/?s={search_term_string}"},"query-input":{"@type":"PropertyValueSpecification","valueRequired":true,"valueName":"search_term_string"}}],"inLanguage":"fr-FR"},{"@type":"Person","@id":"https:\/\/thinktv.ca\/fr\/#\/schema\/person\/5de138e511840a219d06326ddd208a6d","name":"Debbie Zhu","image":{"@type":"ImageObject","inLanguage":"fr-FR","@id":"https:\/\/secure.gravatar.com\/avatar\/c5dc94078776271cb33ed0c1a52443614dbcaf366bcade97dde3e7c770830815?s=96&d=mm&r=g","url":"https:\/\/secure.gravatar.com\/avatar\/c5dc94078776271cb33ed0c1a52443614dbcaf366bcade97dde3e7c770830815?s=96&d=mm&r=g","contentUrl":"https:\/\/secure.gravatar.com\/avatar\/c5dc94078776271cb33ed0c1a52443614dbcaf366bcade97dde3e7c770830815?s=96&d=mm&r=g","caption":"Debbie Zhu"}}]}},"_links":{"self":[{"href":"https:\/\/thinktv.ca\/fr\/wp-json\/wp\/v2\/posts\/11168","targetHints":{"allow":["GET"]}}],"collection":[{"href":"https:\/\/thinktv.ca\/fr\/wp-json\/wp\/v2\/posts"}],"about":[{"href":"https:\/\/thinktv.ca\/fr\/wp-json\/wp\/v2\/types\/post"}],"author":[{"embeddable":true,"href":"https:\/\/thinktv.ca\/fr\/wp-json\/wp\/v2\/users\/12"}],"replies":[{"embeddable":true,"href":"https:\/\/thinktv.ca\/fr\/wp-json\/wp\/v2\/comments?post=11168"}],"version-history":[{"count":0,"href":"https:\/\/thinktv.ca\/fr\/wp-json\/wp\/v2\/posts\/11168\/revisions"}],"wp:featuredmedia":[{"embeddable":true,"href":"https:\/\/thinktv.ca\/fr\/wp-json\/wp\/v2\/media\/56128"}],"wp:attachment":[{"href":"https:\/\/thinktv.ca\/fr\/wp-json\/wp\/v2\/media?parent=11168"}],"wp:term":[{"taxonomy":"category","embeddable":true,"href":"https:\/\/thinktv.ca\/fr\/wp-json\/wp\/v2\/categories?post=11168"},{"taxonomy":"post_tag","embeddable":true,"href":"https:\/\/thinktv.ca\/fr\/wp-json\/wp\/v2\/tags?post=11168"}],"curies":[{"name":"wp","href":"https:\/\/api.w.org\/{rel}","templated":true}]}}